{"id":1336,"date":"2019-02-08T13:37:17","date_gmt":"2019-02-08T11:37:17","guid":{"rendered":"https:\/\/www.mele.cat\/?p=1336"},"modified":"2019-02-08T14:53:20","modified_gmt":"2019-02-08T12:53:20","slug":"goya19-mele-esp","status":"publish","type":"post","link":"https:\/\/mele.cat\/es\/2019\/02\/08\/goya19-mele-esp\/","title":{"rendered":"Las mejores vestidas de los Goya 2019 seg\u00fan Mel\u00e9."},"content":{"rendered":"<p>Un a\u00f1o m\u00e1s, todas las estrellas del cine espa\u00f1ol se han reunido.<br \/>\nHemos visto todo tipo de looks, pero nos hemos quedado con tres vestidos.<\/p>\n<p>Los vestidos que nos han enamorado, son sencillos y elegantes.<\/p>\n<p>Sara S\u00e1lamo radiante con su barriguita y este precioso vestido de Pronovias. Se trata de un sofisticado vestido rosa claro, con escote halter y un precioso collar de cuentas que envuelve la espalda descubierta.<\/p>\n<p><img loading=\"lazy\" decoding=\"async\" class=\"aligncenter wp-image-1330 size-large\" src=\"https:\/\/www.mele.cat\/wp-content\/uploads\/2019\/02\/GOYA-2019-mele-official_Mesa-de-trabajo-1-819x1024.jpg\" alt=\"\" width=\"819\" height=\"1024\" srcset=\"https:\/\/mele.cat\/wp-content\/uploads\/2019\/02\/GOYA-2019-mele-official_Mesa-de-trabajo-1-819x1024.jpg 819w, https:\/\/mele.cat\/wp-content\/uploads\/2019\/02\/GOYA-2019-mele-official_Mesa-de-trabajo-1-240x300.jpg 240w, https:\/\/mele.cat\/wp-content\/uploads\/2019\/02\/GOYA-2019-mele-official_Mesa-de-trabajo-1-768x960.jpg 768w, https:\/\/mele.cat\/wp-content\/uploads\/2019\/02\/GOYA-2019-mele-official_Mesa-de-trabajo-1-700x875.jpg 700w, https:\/\/mele.cat\/wp-content\/uploads\/2019\/02\/GOYA-2019-mele-official_Mesa-de-trabajo-1-1100x1375.jpg 1100w, https:\/\/mele.cat\/wp-content\/uploads\/2019\/02\/GOYA-2019-mele-official_Mesa-de-trabajo-1.jpg 1891w\" sizes=\"(max-width: 819px) 100vw, 819px\" \/><\/p>\n<p>Este a\u00f1o por la alfombra roja pasaron algunas de las &#8216;instagramers&#8217; espa\u00f1olas m\u00e1s &#8216;top&#8217; del momento y nos deslumbraron con sus estilismos.<br \/>\nMar\u00eda Pombo fue una de nuestras favoritas con su vestido de Yolancris con bordados y pendientes de Agatha Paris.<\/p>\n<p><img loading=\"lazy\" decoding=\"async\" class=\"aligncenter wp-image-1331 size-large\" src=\"https:\/\/www.mele.cat\/wp-content\/uploads\/2019\/02\/GOYA-2019-mele-official-02-819x1024.jpg\" alt=\"\" width=\"819\" height=\"1024\" srcset=\"https:\/\/mele.cat\/wp-content\/uploads\/2019\/02\/GOYA-2019-mele-official-02-819x1024.jpg 819w, https:\/\/mele.cat\/wp-content\/uploads\/2019\/02\/GOYA-2019-mele-official-02-240x300.jpg 240w, https:\/\/mele.cat\/wp-content\/uploads\/2019\/02\/GOYA-2019-mele-official-02-768x960.jpg 768w, https:\/\/mele.cat\/wp-content\/uploads\/2019\/02\/GOYA-2019-mele-official-02-700x875.jpg 700w, https:\/\/mele.cat\/wp-content\/uploads\/2019\/02\/GOYA-2019-mele-official-02-1100x1375.jpg 1100w, https:\/\/mele.cat\/wp-content\/uploads\/2019\/02\/GOYA-2019-mele-official-02.jpg 1891w\" sizes=\"(max-width: 819px) 100vw, 819px\" \/><\/p>\n<p>Marta Carriedo por su parte eligi\u00f3 un estilismo brillante en tonos nude con un aire nupcial. Un vestido con una gran apertura lateral y unos cent\u00edmetros de cola, firmado por Cristina Tamborero. Combin\u00f3 su look con unas sandalias cl\u00e1sicas de Yves Saint Laurent y joyas de Yanes con un toque barroco y vintage.<\/p>\n<p><img loading=\"lazy\" decoding=\"async\" class=\"aligncenter wp-image-1332 size-large\" src=\"https:\/\/www.mele.cat\/wp-content\/uploads\/2019\/02\/GOYA-2019-mele-official-03-819x1024.jpg\" alt=\"\" width=\"819\" height=\"1024\" srcset=\"https:\/\/mele.cat\/wp-content\/uploads\/2019\/02\/GOYA-2019-mele-official-03-819x1024.jpg 819w, https:\/\/mele.cat\/wp-content\/uploads\/2019\/02\/GOYA-2019-mele-official-03-240x300.jpg 240w, https:\/\/mele.cat\/wp-content\/uploads\/2019\/02\/GOYA-2019-mele-official-03-768x960.jpg 768w, https:\/\/mele.cat\/wp-content\/uploads\/2019\/02\/GOYA-2019-mele-official-03-700x875.jpg 700w, https:\/\/mele.cat\/wp-content\/uploads\/2019\/02\/GOYA-2019-mele-official-03-1100x1375.jpg 1100w, https:\/\/mele.cat\/wp-content\/uploads\/2019\/02\/GOYA-2019-mele-official-03.jpg 1891w\" sizes=\"(max-width: 819px) 100vw, 819px\" \/><\/p>\n","protected":false},"excerpt":{"rendered":"<p>Un a\u00f1o m\u00e1s, todas las estrellas del cine espa\u00f1ol se han reunido. Hemos visto todo tipo de looks, pero nos hemos quedado con tres vestidos&#8230;.<\/p>\n","protected":false},"author":1,"featured_media":1333,"comment_status":"open","ping_status":"open","sticky":false,"template":"","format":"standard","meta":{"jetpack_post_was_ever_published":false,"_jetpack_newsletter_access":"","_jetpack_dont_email_post_to_subs":false,"_jetpack_newsletter_tier_id":0,"_jetpack_memberships_contains_paywalled_content":false,"footnotes":"","_jetpack_memberships_contains_paid_content":false,"jetpack_publicize_message":"","jetpack_publicize_feature_enabled":true,"jetpack_social_post_already_shared":true,"jetpack_social_options":{"image_generator_settings":{"template":"highway","enabled":false}}},"categories":[26],"tags":[41,30,92,94,64,42,93],"jetpack_publicize_connections":[],"jetpack_featured_media_url":"https:\/\/mele.cat\/wp-content\/uploads\/2019\/02\/GOYA-2019-mele-official-04.jpg","jetpack_sharing_enabled":true,"jetpack_shortlink":"https:\/\/wp.me\/p9OkGD-ly","jetpack-related-posts":[],"_links":{"self":[{"href":"https:\/\/mele.cat\/es\/wp-json\/wp\/v2\/posts\/1336"}],"collection":[{"href":"https:\/\/mele.cat\/es\/wp-json\/wp\/v2\/posts"}],"about":[{"href":"https:\/\/mele.cat\/es\/wp-json\/wp\/v2\/types\/post"}],"author":[{"embeddable":true,"href":"https:\/\/mele.cat\/es\/wp-json\/wp\/v2\/users\/1"}],"replies":[{"embeddable":true,"href":"https:\/\/mele.cat\/es\/wp-json\/wp\/v2\/comments?post=1336"}],"version-history":[{"count":6,"href":"https:\/\/mele.cat\/es\/wp-json\/wp\/v2\/posts\/1336\/revisions"}],"predecessor-version":[{"id":1348,"href":"https:\/\/mele.cat\/es\/wp-json\/wp\/v2\/posts\/1336\/revisions\/1348"}],"wp:featuredmedia":[{"embeddable":true,"href":"https:\/\/mele.cat\/es\/wp-json\/wp\/v2\/media\/1333"}],"wp:attachment":[{"href":"https:\/\/mele.cat\/es\/wp-json\/wp\/v2\/media?parent=1336"}],"wp:term":[{"taxonomy":"category","embeddable":true,"href":"https:\/\/mele.cat\/es\/wp-json\/wp\/v2\/categories?post=1336"},{"taxonomy":"post_tag","embeddable":true,"href":"https:\/\/mele.cat\/es\/wp-json\/wp\/v2\/tags?post=1336"}],"curies":[{"name":"wp","href":"https:\/\/api.w.org\/{rel}","templated":true}]}}